{"id":329,"date":"2021-03-18T16:03:58","date_gmt":"2021-03-18T15:03:58","guid":{"rendered":"http:\/\/www.tcf-frauenweiler.de\/?p=329"},"modified":"2021-03-18T16:04:00","modified_gmt":"2021-03-18T15:04:00","slug":"saisonvorbereitungen-abgeschlossen","status":"publish","type":"post","link":"http:\/\/www.tcf-frauenweiler.de\/?p=329","title":{"rendered":"Saisonvorbereitungen abgeschlo\u00dfen"},"content":{"rendered":"\n<div class=\"wp-container-1 wp-block-group\"><div class=\"wp-block-group__inner-container\"><\/div><\/div>\n\n\n\n<pre class=\"wp-block-verse\"><img loading=\"lazy\" width=\"2560\" height=\"1920\" class=\"wp-image-331\" style=\"width: 150px;\" src=\"http:\/\/www.tcf-frauenweiler.de\/wp-content\/uploads\/2021\/03\/20210308_144450-scaled.jpg\" alt=\"\" srcset=\"http:\/\/www.tcf-frauenweiler.de\/wp-content\/uploads\/2021\/03\/20210308_144450-scaled.jpg 2560w, http:\/\/www.tcf-frauenweiler.de\/wp-content\/uploads\/2021\/03\/20210308_144450-300x225.jpg 300w, http:\/\/www.tcf-frauenweiler.de\/wp-content\/uploads\/2021\/03\/20210308_144450-1024x768.jpg 1024w, http:\/\/www.tcf-frauenweiler.de\/wp-content\/uploads\/2021\/03\/20210308_144450-768x576.jpg 768w, http:\/\/www.tcf-frauenweiler.de\/wp-content\/uploads\/2021\/03\/20210308_144450-1536x1152.jpg 1536w, http:\/\/www.tcf-frauenweiler.de\/wp-content\/uploads\/2021\/03\/20210308_144450-2048x1536.jpg 2048w, http:\/\/www.tcf-frauenweiler.de\/wp-content\/uploads\/2021\/03\/20210308_144450-1x1.jpg 1w\" sizes=\"(max-width: 2560px) 100vw, 2560px\" \/>\nDank einiger fleissiger Helfer sind die Vorbereitungen f\u00fcr die anstehende Freiluftsaison so gut wie abgeschlossen. Jetzt muss nur noch das Wetter mitspielen - noch sind die Pl\u00e4tze zu nass und weich - und wir k\u00f6nnen die ersten B\u00e4lle schlagen. Die aktuelle Corona-VO l\u00e4sst den Sport im Freien auf weitr\u00e4umigen Anlagen, zu der ein Tennisplatz z\u00e4hlt, zu. Alle G\u00e4ste, die es nicht erwarten k\u00f6nnen und die bei uns schonmal einen Platz buchen wollen oder einfach auch nur regelm\u00e4\u00dfig informiert werden wollen, schicken bitte eine Mail an <a href=\"mailto:vorstand@tcf-frauenweiler.de\">vorstand@tcf-frauenweiler.de<\/a><img loading=\"lazy\" width=\"2560\" height=\"1920\" class=\"wp-image-330\" style=\"width: 150px;\" src=\"http:\/\/www.tcf-frauenweiler.de\/wp-content\/uploads\/2021\/03\/20210308_144634-scaled.jpg\" alt=\"\" srcset=\"http:\/\/www.tcf-frauenweiler.de\/wp-content\/uploads\/2021\/03\/20210308_144634-scaled.jpg 2560w, http:\/\/www.tcf-frauenweiler.de\/wp-content\/uploads\/2021\/03\/20210308_144634-300x225.jpg 300w, http:\/\/www.tcf-frauenweiler.de\/wp-content\/uploads\/2021\/03\/20210308_144634-1024x768.jpg 1024w, http:\/\/www.tcf-frauenweiler.de\/wp-content\/uploads\/2021\/03\/20210308_144634-768x576.jpg 768w, http:\/\/www.tcf-frauenweiler.de\/wp-content\/uploads\/2021\/03\/20210308_144634-1536x1152.jpg 1536w, http:\/\/www.tcf-frauenweiler.de\/wp-content\/uploads\/2021\/03\/20210308_144634-2048x1536.jpg 2048w, http:\/\/www.tcf-frauenweiler.de\/wp-content\/uploads\/2021\/03\/20210308_144634-1x1.jpg 1w\" sizes=\"(max-width: 2560px) 100vw, 2560px\" \/><\/pre>\n","protected":false},"excerpt":{"rendered":"<p>Dank einiger fleissiger Helfer sind die Vorbereitungen f\u00fcr die anstehende Freiluftsaison so gut wie abgeschlossen. Jetzt muss nur noch das Wetter mitspielen &#8211; noch sind die Pl\u00e4tze zu nass und weich &#8211; und wir k\u00f6nnen die ersten B\u00e4lle schlagen. Die aktuelle Corona-VO l\u00e4sst den Sport im Freien auf weitr\u00e4umigen Anlagen, zu der ein Tennisplatz z\u00e4hlt, [&hellip;]<\/p>\n","protected":false},"author":21,"featured_media":332,"comment_status":"open","ping_status":"open","sticky":false,"template":"","format":"standard","meta":[],"categories":[1],"tags":[],"_links":{"self":[{"href":"http:\/\/www.tcf-frauenweiler.de\/index.php?rest_route=\/wp\/v2\/posts\/329"}],"collection":[{"href":"http:\/\/www.tcf-frauenweiler.de\/index.php?rest_route=\/wp\/v2\/posts"}],"about":[{"href":"http:\/\/www.tcf-frauenweiler.de\/index.php?rest_route=\/wp\/v2\/types\/post"}],"author":[{"embeddable":true,"href":"http:\/\/www.tcf-frauenweiler.de\/index.php?rest_route=\/wp\/v2\/users\/21"}],"replies":[{"embeddable":true,"href":"http:\/\/www.tcf-frauenweiler.de\/index.php?rest_route=%2Fwp%2Fv2%2Fcomments&post=329"}],"version-history":[{"count":4,"href":"http:\/\/www.tcf-frauenweiler.de\/index.php?rest_route=\/wp\/v2\/posts\/329\/revisions"}],"predecessor-version":[{"id":336,"href":"http:\/\/www.tcf-frauenweiler.de\/index.php?rest_route=\/wp\/v2\/posts\/329\/revisions\/336"}],"wp:featuredmedia":[{"embeddable":true,"href":"http:\/\/www.tcf-frauenweiler.de\/index.php?rest_route=\/wp\/v2\/media\/332"}],"wp:attachment":[{"href":"http:\/\/www.tcf-frauenweiler.de\/index.php?rest_route=%2Fwp%2Fv2%2Fmedia&parent=329"}],"wp:term":[{"taxonomy":"category","embeddable":true,"href":"http:\/\/www.tcf-frauenweiler.de\/index.php?rest_route=%2Fwp%2Fv2%2Fcategories&post=329"},{"taxonomy":"post_tag","embeddable":true,"href":"http:\/\/www.tcf-frauenweiler.de\/index.php?rest_route=%2Fwp%2Fv2%2Ftags&post=329"}],"curies":[{"name":"wp","href":"https:\/\/api.w.org\/{rel}","templated":true}]}}